{"id":25624,"date":"2026-08-31T15:34:12","date_gmt":"2026-08-31T22:34:12","guid":{"rendered":"https:\/\/cchumane.org\/?p=25624"},"modified":"2026-08-31T15:34:13","modified_gmt":"2026-08-31T22:34:13","slug":"miso","status":"publish","type":"post","link":"https:\/\/cchumane.org\/es\/miso\/","title":{"rendered":"Miso"},"content":{"rendered":"<div class=\"wp-block-columns is-layout-flex wp-container-core-columns-is-layout-3a88641f wp-block-columns-is-layout-flex\">\n<div class=\"wp-block-column is-layout-flow wp-block-column-is-layout-flow\">\n<p class=\"wp-block-paragraph\">Hembra, 3,6 kg, 18 meses de edad.<\/p>\n\n\n\n<p class=\"wp-block-paragraph\">Miso es una gata dom\u00e9stica tranquila, de pelo corto y color gris, con ojos verdes, que recientemente tuvo una camada de 5 gatitos (\u00a1todos adoptados!). A veces tiene momentos de mucha energ\u00eda y disfruta jugando con otros gatos, aunque le gusta estar al tanto de lo que hacen los humanos en casa. A Miso le encantan los lugares altos, mirar por la ventana y tomar el sol, as\u00ed como los juguetes con forma de ca\u00f1a de pescar y los juguetes con hierba gatera. Le encanta que la cepillen, pero requiere m\u00e1s esfuerzo al cortarle las u\u00f1as. Y, por supuesto, responde muy bien a las golosinas.<\/p>\n\n\n\n<p class=\"wp-block-paragraph\">Miso no ha tenido problemas para adaptarse a los cambios, que ha experimentado con frecuencia en los \u00faltimos meses. Es muy tranquila y relajada, y se siente c\u00f3moda cuando la cargan y est\u00e1 rodeada de desconocidos. Bebe agua estancada, pero le encanta la fuente de agua y tiene una dieta mixta de comida h\u00fameda y seca, priorizando la h\u00fameda, aunque tambi\u00e9n come seca. Miso est\u00e1 acostumbrada a usar la caja de arena, el arn\u00e9s y la jaula, tiene todas sus vacunas al d\u00eda y est\u00e1 programada para ser esterilizada.&nbsp;<\/p>\n\n\n\n<p class=\"wp-block-paragraph\">Miso se adaptar\u00eda perfectamente a un hogar con otros gatos o sola. Si buscas una gata &quot;genial&quot;, Miso podr\u00eda ser justo la que se integre f\u00e1cilmente en tu vida.&nbsp;<\/p>\n<\/div>\n\n\n\n<div class=\"wp-block-column is-layout-flow wp-block-column-is-layout-flow\">\n<figure class=\"wp-block-gallery has-nested-images columns-1 is-cropped wp-block-gallery-1 is-layout-flex wp-block-gallery-is-layout-flex\">\n<figure class=\"wp-block-image size-full\"><img loading=\"lazy\" decoding=\"async\" width=\"600\" height=\"600\" data-id=\"25625\" src=\"https:\/\/cchumane.org\/wp-content\/uploads\/600_600_miso.webp\" alt=\"Miso is calm, gray domestic short hair with green eyes\" class=\"wp-image-25625\" srcset=\"https:\/\/cchumane.org\/wp-content\/uploads\/600_600_miso.webp 600w, https:\/\/cchumane.org\/wp-content\/uploads\/600_600_miso-300x300.webp 300w, https:\/\/cchumane.org\/wp-content\/uploads\/600_600_miso-150x150.webp 150w, https:\/\/cchumane.org\/wp-content\/uploads\/600_600_miso-12x12.webp 12w, https:\/\/cchumane.org\/wp-content\/uploads\/600_600_miso-400x400.webp 400w\" sizes=\"auto, (max-width: 600px) 100vw, 600px\" \/><\/figure>\n\n\n\n<figure class=\"wp-block-image size-full\"><img loading=\"lazy\" decoding=\"async\" width=\"600\" height=\"450\" data-id=\"25626\" src=\"https:\/\/cchumane.org\/wp-content\/uploads\/600_450_miso.webp\" alt=\"Miso is calm, gray domestic short hair with green eyes\" class=\"wp-image-25626\" srcset=\"https:\/\/cchumane.org\/wp-content\/uploads\/600_450_miso.webp 600w, https:\/\/cchumane.org\/wp-content\/uploads\/600_450_miso-300x225.webp 300w, https:\/\/cchumane.org\/wp-content\/uploads\/600_450_miso-16x12.webp 16w\" sizes=\"auto, (max-width: 600px) 100vw, 600px\" \/><\/figure>\n<\/figure>\n<\/div>\n<\/div>","protected":false},"excerpt":{"rendered":"<p>Female, 8 pounds,18 months old. Miso is calm, gray domestic short hair with green eyes who recently had a litter of 5 kittens (all adopted!). She has occasional bursts of playfulness and enjoys playing with other cats, though likes keeping track of what the humans are up to in her household. Miso loves high places, [&hellip;]<\/p>\n","protected":false},"author":7650,"featured_media":25625,"comment_status":"closed","ping_status":"closed","sticky":false,"template":"wp-custom-template-rehoming-post","format":"standard","meta":{"_acf_changed":false,"_themeisle_gutenberg_block_has_review":false,"footnotes":""},"categories":[62],"tags":[],"class_list":["post-25624","post","type-post","status-publish","format-standard","has-post-thumbnail","hentry","category-courtesy-listings"],"acf":[],"yoast_head":"<!-- This site is optimized with the Yoast SEO plugin v28.4 - https:\/\/yoast.com\/product\/yoast-seo-wordpress\/ -->\n<title>Miso - Contra Costa Humane Society<\/title>\n<meta name=\"robots\" content=\"index, follow, max-snippet:-1, max-image-preview:large, max-video-preview:-1\" \/>\n<link rel=\"canonical\" href=\"https:\/\/cchumane.org\/es\/miso\/\" \/>\n<meta property=\"og:locale\" content=\"es_MX\" \/>\n<meta property=\"og:type\" content=\"article\" \/>\n<meta property=\"og:title\" content=\"Miso - Contra Costa Humane Society\" \/>\n<meta property=\"og:description\" content=\"Female, 8 pounds,18 months old. Miso is calm, gray domestic short hair with green eyes who recently had a litter of 5 kittens (all adopted!). She has occasional bursts of playfulness and enjoys playing with other cats, though likes keeping track of what the humans are up to in her household. Miso loves high places, [&hellip;]\" \/>\n<meta property=\"og:url\" content=\"https:\/\/cchumane.org\/es\/miso\/\" \/>\n<meta property=\"og:site_name\" content=\"Contra Costa Humane Society\" \/>\n<meta property=\"article:publisher\" content=\"https:\/\/www.facebook.com\/ContraCostaHumaneSociety\/\" \/>\n<meta property=\"article:published_time\" content=\"2026-08-31T22:34:12+00:00\" \/>\n<meta property=\"article:modified_time\" content=\"2026-08-31T22:34:13+00:00\" \/>\n<meta property=\"og:image\" content=\"https:\/\/cchumane.org\/wp-content\/uploads\/600_600_miso.webp\" \/>\n\t<meta property=\"og:image:width\" content=\"600\" \/>\n\t<meta property=\"og:image:height\" content=\"600\" \/>\n\t<meta property=\"og:image:type\" content=\"image\/webp\" \/>\n<meta name=\"author\" content=\"BirdieHershel\" \/>\n<meta name=\"twitter:card\" content=\"summary_large_image\" \/>\n<meta name=\"twitter:creator\" content=\"@cchumane\" \/>\n<meta name=\"twitter:site\" content=\"@cchumane\" \/>\n<meta name=\"twitter:label1\" content=\"Escrito por\" \/>\n\t<meta name=\"twitter:data1\" content=\"BirdieHershel\" \/>\n\t<meta name=\"twitter:label2\" content=\"Tiempo de lectura\" \/>\n\t<meta name=\"twitter:data2\" content=\"2 minutos\" \/>\n<script type=\"application\/ld+json\" class=\"yoast-schema-graph\">{\"@context\":\"https:\\\/\\\/schema.org\",\"@graph\":[{\"@type\":\"Article\",\"@id\":\"https:\\\/\\\/cchumane.org\\\/miso\\\/#article\",\"isPartOf\":{\"@id\":\"https:\\\/\\\/cchumane.org\\\/miso\\\/\"},\"author\":{\"name\":\"BirdieHershel\",\"@id\":\"https:\\\/\\\/cchumane.org\\\/#\\\/schema\\\/person\\\/55669b4d3a09f4c9b3c3bdd77a7f89f5\"},\"headline\":\"Miso\",\"datePublished\":\"2026-08-31T22:34:12+00:00\",\"dateModified\":\"2026-08-31T22:34:13+00:00\",\"mainEntityOfPage\":{\"@id\":\"https:\\\/\\\/cchumane.org\\\/miso\\\/\"},\"wordCount\":210,\"publisher\":{\"@id\":\"https:\\\/\\\/cchumane.org\\\/#organization\"},\"image\":{\"@id\":\"https:\\\/\\\/cchumane.org\\\/miso\\\/#primaryimage\"},\"thumbnailUrl\":\"https:\\\/\\\/cchumane.org\\\/wp-content\\\/uploads\\\/600_600_miso.webp\",\"articleSection\":[\"Courtesy Listings\"],\"inLanguage\":\"es\"},{\"@type\":\"WebPage\",\"@id\":\"https:\\\/\\\/cchumane.org\\\/miso\\\/\",\"url\":\"https:\\\/\\\/cchumane.org\\\/miso\\\/\",\"name\":\"Miso - Contra Costa Humane Society\",\"isPartOf\":{\"@id\":\"https:\\\/\\\/cchumane.org\\\/#website\"},\"primaryImageOfPage\":{\"@id\":\"https:\\\/\\\/cchumane.org\\\/miso\\\/#primaryimage\"},\"image\":{\"@id\":\"https:\\\/\\\/cchumane.org\\\/miso\\\/#primaryimage\"},\"thumbnailUrl\":\"https:\\\/\\\/cchumane.org\\\/wp-content\\\/uploads\\\/600_600_miso.webp\",\"datePublished\":\"2026-08-31T22:34:12+00:00\",\"dateModified\":\"2026-08-31T22:34:13+00:00\",\"breadcrumb\":{\"@id\":\"https:\\\/\\\/cchumane.org\\\/miso\\\/#breadcrumb\"},\"inLanguage\":\"es\",\"potentialAction\":[{\"@type\":\"ReadAction\",\"target\":[\"https:\\\/\\\/cchumane.org\\\/miso\\\/\"]}]},{\"@type\":\"ImageObject\",\"inLanguage\":\"es\",\"@id\":\"https:\\\/\\\/cchumane.org\\\/miso\\\/#primaryimage\",\"url\":\"https:\\\/\\\/cchumane.org\\\/wp-content\\\/uploads\\\/600_600_miso.webp\",\"contentUrl\":\"https:\\\/\\\/cchumane.org\\\/wp-content\\\/uploads\\\/600_600_miso.webp\",\"width\":600,\"height\":600,\"caption\":\"Miso is calm, gray domestic short hair with green eyes\"},{\"@type\":\"BreadcrumbList\",\"@id\":\"https:\\\/\\\/cchumane.org\\\/miso\\\/#breadcrumb\",\"itemListElement\":[{\"@type\":\"ListItem\",\"position\":1,\"name\":\"Home\",\"item\":\"https:\\\/\\\/cchumane.org\\\/\"},{\"@type\":\"ListItem\",\"position\":2,\"name\":\"Miso\"}]},{\"@type\":\"WebSite\",\"@id\":\"https:\\\/\\\/cchumane.org\\\/#website\",\"url\":\"https:\\\/\\\/cchumane.org\\\/\",\"name\":\"Contra Costa Humane Society\",\"description\":\"Adopt. Connect. Support.\",\"publisher\":{\"@id\":\"https:\\\/\\\/cchumane.org\\\/#organization\"},\"potentialAction\":[{\"@type\":\"SearchAction\",\"target\":{\"@type\":\"EntryPoint\",\"urlTemplate\":\"https:\\\/\\\/cchumane.org\\\/?s={search_term_string}\"},\"query-input\":{\"@type\":\"PropertyValueSpecification\",\"valueRequired\":true,\"valueName\":\"search_term_string\"}}],\"inLanguage\":\"es\"},{\"@type\":\"Organization\",\"@id\":\"https:\\\/\\\/cchumane.org\\\/#organization\",\"name\":\"Contra Costa Humane Society\",\"url\":\"https:\\\/\\\/cchumane.org\\\/\",\"logo\":{\"@type\":\"ImageObject\",\"inLanguage\":\"es\",\"@id\":\"https:\\\/\\\/cchumane.org\\\/#\\\/schema\\\/logo\\\/image\\\/\",\"url\":\"https:\\\/\\\/cchumane.org\\\/wp-content\\\/uploads\\\/CCHS_logo_2line_rev_208px.webp\",\"contentUrl\":\"https:\\\/\\\/cchumane.org\\\/wp-content\\\/uploads\\\/CCHS_logo_2line_rev_208px.webp\",\"width\":208,\"height\":57,\"caption\":\"Contra Costa Humane Society\"},\"image\":{\"@id\":\"https:\\\/\\\/cchumane.org\\\/#\\\/schema\\\/logo\\\/image\\\/\"},\"sameAs\":[\"https:\\\/\\\/www.facebook.com\\\/ContraCostaHumaneSociety\\\/\",\"https:\\\/\\\/x.com\\\/cchumane\",\"https:\\\/\\\/www.instagram.com\\\/contracostahumanesociety\\\/\"]},{\"@type\":\"Person\",\"@id\":\"https:\\\/\\\/cchumane.org\\\/#\\\/schema\\\/person\\\/55669b4d3a09f4c9b3c3bdd77a7f89f5\",\"name\":\"BirdieHershel\",\"url\":\"https:\\\/\\\/cchumane.org\\\/es\\\/author\\\/juicybitta_9\\\/\"}]}<\/script>\n<!-- \/ Yoast SEO plugin. -->","yoast_head_json":{"title":"Miso - Contra Costa Humane Society","robots":{"index":"index","follow":"follow","max-snippet":"max-snippet:-1","max-image-preview":"max-image-preview:large","max-video-preview":"max-video-preview:-1"},"canonical":"https:\/\/cchumane.org\/es\/miso\/","og_locale":"es_MX","og_type":"article","og_title":"Miso - Contra Costa Humane Society","og_description":"Female, 8 pounds,18 months old. Miso is calm, gray domestic short hair with green eyes who recently had a litter of 5 kittens (all adopted!). She has occasional bursts of playfulness and enjoys playing with other cats, though likes keeping track of what the humans are up to in her household. Miso loves high places, [&hellip;]","og_url":"https:\/\/cchumane.org\/es\/miso\/","og_site_name":"Contra Costa Humane Society","article_publisher":"https:\/\/www.facebook.com\/ContraCostaHumaneSociety\/","article_published_time":"2026-08-31T22:34:12+00:00","article_modified_time":"2026-08-31T22:34:13+00:00","og_image":[{"width":600,"height":600,"url":"https:\/\/cchumane.org\/wp-content\/uploads\/600_600_miso.webp","type":"image\/webp"}],"author":"BirdieHershel","twitter_card":"summary_large_image","twitter_creator":"@cchumane","twitter_site":"@cchumane","twitter_misc":{"Escrito por":"BirdieHershel","Tiempo de lectura":"2 minutos"},"schema":{"@context":"https:\/\/schema.org","@graph":[{"@type":"Article","@id":"https:\/\/cchumane.org\/miso\/#article","isPartOf":{"@id":"https:\/\/cchumane.org\/miso\/"},"author":{"name":"BirdieHershel","@id":"https:\/\/cchumane.org\/#\/schema\/person\/55669b4d3a09f4c9b3c3bdd77a7f89f5"},"headline":"Miso","datePublished":"2026-08-31T22:34:12+00:00","dateModified":"2026-08-31T22:34:13+00:00","mainEntityOfPage":{"@id":"https:\/\/cchumane.org\/miso\/"},"wordCount":210,"publisher":{"@id":"https:\/\/cchumane.org\/#organization"},"image":{"@id":"https:\/\/cchumane.org\/miso\/#primaryimage"},"thumbnailUrl":"https:\/\/cchumane.org\/wp-content\/uploads\/600_600_miso.webp","articleSection":["Courtesy Listings"],"inLanguage":"es"},{"@type":"WebPage","@id":"https:\/\/cchumane.org\/miso\/","url":"https:\/\/cchumane.org\/miso\/","name":"Miso - Contra Costa Humane Society","isPartOf":{"@id":"https:\/\/cchumane.org\/#website"},"primaryImageOfPage":{"@id":"https:\/\/cchumane.org\/miso\/#primaryimage"},"image":{"@id":"https:\/\/cchumane.org\/miso\/#primaryimage"},"thumbnailUrl":"https:\/\/cchumane.org\/wp-content\/uploads\/600_600_miso.webp","datePublished":"2026-08-31T22:34:12+00:00","dateModified":"2026-08-31T22:34:13+00:00","breadcrumb":{"@id":"https:\/\/cchumane.org\/miso\/#breadcrumb"},"inLanguage":"es","potentialAction":[{"@type":"ReadAction","target":["https:\/\/cchumane.org\/miso\/"]}]},{"@type":"ImageObject","inLanguage":"es","@id":"https:\/\/cchumane.org\/miso\/#primaryimage","url":"https:\/\/cchumane.org\/wp-content\/uploads\/600_600_miso.webp","contentUrl":"https:\/\/cchumane.org\/wp-content\/uploads\/600_600_miso.webp","width":600,"height":600,"caption":"Miso is calm, gray domestic short hair with green eyes"},{"@type":"BreadcrumbList","@id":"https:\/\/cchumane.org\/miso\/#breadcrumb","itemListElement":[{"@type":"ListItem","position":1,"name":"Home","item":"https:\/\/cchumane.org\/"},{"@type":"ListItem","position":2,"name":"Miso"}]},{"@type":"WebSite","@id":"https:\/\/cchumane.org\/#website","url":"https:\/\/cchumane.org\/","name":"Contra Costa Humane Society","description":"Adoptar. Conectar. Apoyar.","publisher":{"@id":"https:\/\/cchumane.org\/#organization"},"potentialAction":[{"@type":"SearchAction","target":{"@type":"EntryPoint","urlTemplate":"https:\/\/cchumane.org\/?s={search_term_string}"},"query-input":{"@type":"PropertyValueSpecification","valueRequired":true,"valueName":"search_term_string"}}],"inLanguage":"es"},{"@type":"Organization","@id":"https:\/\/cchumane.org\/#organization","name":"Contra Costa Humane Society","url":"https:\/\/cchumane.org\/","logo":{"@type":"ImageObject","inLanguage":"es","@id":"https:\/\/cchumane.org\/#\/schema\/logo\/image\/","url":"https:\/\/cchumane.org\/wp-content\/uploads\/CCHS_logo_2line_rev_208px.webp","contentUrl":"https:\/\/cchumane.org\/wp-content\/uploads\/CCHS_logo_2line_rev_208px.webp","width":208,"height":57,"caption":"Contra Costa Humane Society"},"image":{"@id":"https:\/\/cchumane.org\/#\/schema\/logo\/image\/"},"sameAs":["https:\/\/www.facebook.com\/ContraCostaHumaneSociety\/","https:\/\/x.com\/cchumane","https:\/\/www.instagram.com\/contracostahumanesociety\/"]},{"@type":"Person","@id":"https:\/\/cchumane.org\/#\/schema\/person\/55669b4d3a09f4c9b3c3bdd77a7f89f5","name":"BirdieHershel","url":"https:\/\/cchumane.org\/es\/author\/juicybitta_9\/"}]}},"rttpg_featured_image_url":{"full":["https:\/\/cchumane.org\/wp-content\/uploads\/600_600_miso.webp",600,600,false],"landscape":["https:\/\/cchumane.org\/wp-content\/uploads\/600_600_miso.webp",600,600,false],"portraits":["https:\/\/cchumane.org\/wp-content\/uploads\/600_600_miso.webp",600,600,false],"thumbnail":["https:\/\/cchumane.org\/wp-content\/uploads\/600_600_miso-150x150.webp",150,150,true],"medium":["https:\/\/cchumane.org\/wp-content\/uploads\/600_600_miso-300x300.webp",300,300,true],"large":["https:\/\/cchumane.org\/wp-content\/uploads\/600_600_miso.webp",600,600,false],"1536x1536":["https:\/\/cchumane.org\/wp-content\/uploads\/600_600_miso.webp",600,600,false],"2048x2048":["https:\/\/cchumane.org\/wp-content\/uploads\/600_600_miso.webp",600,600,false],"trp-custom-language-flag":["https:\/\/cchumane.org\/wp-content\/uploads\/600_600_miso-12x12.webp",12,12,true],"qi_blocks_image_size_square":["https:\/\/cchumane.org\/wp-content\/uploads\/600_600_miso.webp",600,600,false],"qi_blocks_image_size_landscape":["https:\/\/cchumane.org\/wp-content\/uploads\/600_600_miso.webp",600,600,false],"qi_blocks_image_size_portrait":["https:\/\/cchumane.org\/wp-content\/uploads\/600_600_miso.webp",600,600,false],"qi_blocks_image_size_huge_square":["https:\/\/cchumane.org\/wp-content\/uploads\/600_600_miso.webp",600,600,false],"rt_custom":["https:\/\/cchumane.org\/wp-content\/uploads\/600_600_miso.webp",600,600,false]},"rttpg_author":{"display_name":"BirdieHershel","author_link":"https:\/\/cchumane.org\/es\/author\/juicybitta_9\/"},"rttpg_comment":0,"rttpg_category":"<a href=\"https:\/\/cchumane.org\/es\/category\/courtesy-listings\/\" rel=\"category tag\">Courtesy Listings<\/a>","rttpg_excerpt":"Female, 8 pounds,18 months old. Miso is calm, gray domestic short hair with green eyes who recently had a litter of 5 kittens (all adopted!). She has occasional bursts of playfulness and enjoys playing with other cats, though likes keeping track of what the humans are up to in her household. Miso loves high places,&hellip;","_links":{"self":[{"href":"https:\/\/cchumane.org\/es\/wp-json\/wp\/v2\/posts\/25624","targetHints":{"allow":["GET"]}}],"collection":[{"href":"https:\/\/cchumane.org\/es\/wp-json\/wp\/v2\/posts"}],"about":[{"href":"https:\/\/cchumane.org\/es\/wp-json\/wp\/v2\/types\/post"}],"author":[{"embeddable":true,"href":"https:\/\/cchumane.org\/es\/wp-json\/wp\/v2\/users\/7650"}],"replies":[{"embeddable":true,"href":"https:\/\/cchumane.org\/es\/wp-json\/wp\/v2\/comments?post=25624"}],"version-history":[{"count":1,"href":"https:\/\/cchumane.org\/es\/wp-json\/wp\/v2\/posts\/25624\/revisions"}],"predecessor-version":[{"id":25627,"href":"https:\/\/cchumane.org\/es\/wp-json\/wp\/v2\/posts\/25624\/revisions\/25627"}],"wp:featuredmedia":[{"embeddable":true,"href":"https:\/\/cchumane.org\/es\/wp-json\/wp\/v2\/media\/25625"}],"wp:attachment":[{"href":"https:\/\/cchumane.org\/es\/wp-json\/wp\/v2\/media?parent=25624"}],"wp:term":[{"taxonomy":"category","embeddable":true,"href":"https:\/\/cchumane.org\/es\/wp-json\/wp\/v2\/categories?post=25624"},{"taxonomy":"post_tag","embeddable":true,"href":"https:\/\/cchumane.org\/es\/wp-json\/wp\/v2\/tags?post=25624"}],"curies":[{"name":"gracias","href":"https:\/\/api.w.org\/{rel}","templated":true}]}}